[{"command":"insert","method":"append","selector":"#ts336593-2120","data":"\u003Cul class=\u0027ajax-content\u0027\u003E\u003Cli id=\u0027ts125472\u0027 class=\u0027ts\u0027\u003E\u003Ca href=\u0027\/motbis\/api\/esd\/MB-125472#main-content\u0027 class=\u0027no-child\u0027 title=\u0027Vers l\u0026apos;espace s\u00e9mantique du concept \u0026laquo;\u0026nbsp;\u00e9l\u00e8ve d\u00e9crocheur\u0026nbsp;\u0026raquo;\u0027\u003E\u00e9l\u00e8ve d\u00e9crocheur\u003C\/a\u003E\u003Ca href=\u0027\/motbis\/api\/esd\/MB-125472#main-content\u0027 title=\u0027Vers l\u0026apos;espace s\u00e9mantique du concept \u0026laquo;\u0026nbsp;\u00e9l\u00e8ve d\u00e9crocheur\u0026nbsp;\u0026raquo;\u0027\u003E\u003Ci class=\u0027fas fa-external-link-alt\u0027\u003E\u003C\/i\u003E\u003C\/a\u003E\u003C\/li\u003E\u003Cli id=\u0027ts125475\u0027 class=\u0027ts\u0027\u003E\u003Ca href=\u0027\/motbis\/api\/esd\/MB-125475#main-content\u0027 class=\u0027no-child\u0027 title=\u0027Vers l\u0026apos;espace s\u00e9mantique du concept \u0026laquo;\u0026nbsp;\u00e9l\u00e8ve en difficult\u00e9\u0026nbsp;\u0026raquo;\u0027\u003E\u00e9l\u00e8ve en difficult\u00e9\u003C\/a\u003E\u003Ca href=\u0027\/motbis\/api\/esd\/MB-125475#main-content\u0027 title=\u0027Vers l\u0026apos;espace s\u00e9mantique du concept \u0026laquo;\u0026nbsp;\u00e9l\u00e8ve en difficult\u00e9\u0026nbsp;\u0026raquo;\u0027\u003E\u003Ci class=\u0027fas fa-external-link-alt\u0027\u003E\u003C\/i\u003E\u003C\/a\u003E\u003C\/li\u003E\u003Cli id=\u0027ts127836\u0027 class=\u0027ts\u0027\u003E\u003Ca href=\u0027\/motbis\/api\/esd\/MB-127836#main-content\u0027 class=\u0027no-child\u0027 title=\u0027Vers l\u0026apos;espace s\u00e9mantique du concept \u0026laquo;\u0026nbsp;\u00e9l\u00e8ve handicap\u00e9 ou malade\u0026nbsp;\u0026raquo;\u0027\u003E\u00e9l\u00e8ve handicap\u00e9 ou malade\u003C\/a\u003E\u003Ca href=\u0027\/motbis\/api\/esd\/MB-127836#main-content\u0027 title=\u0027Vers l\u0026apos;espace s\u00e9mantique du concept \u0026laquo;\u0026nbsp;\u00e9l\u00e8ve handicap\u00e9 ou malade\u0026nbsp;\u0026raquo;\u0027\u003E\u003Ci class=\u0027fas fa-external-link-alt\u0027\u003E\u003C\/i\u003E\u003C\/a\u003E\u003C\/li\u003E\u003Cli id=\u0027ts131749\u0027 class=\u0027ts\u0027\u003E\u003Ca href=\u0027\/motbis\/api\/esd\/MB-131749#main-content\u0027 class=\u0027no-child\u0027 title=\u0027Vers l\u0026apos;espace s\u00e9mantique du concept \u0026laquo;\u0026nbsp;\u00e9l\u00e8ve allophone\u0026nbsp;\u0026raquo;\u0027\u003E\u00e9l\u00e8ve allophone\u003C\/a\u003E\u003Ca href=\u0027\/motbis\/api\/esd\/MB-131749#main-content\u0027 title=\u0027Vers l\u0026apos;espace s\u00e9mantique du concept \u0026laquo;\u0026nbsp;\u00e9l\u00e8ve allophone\u0026nbsp;\u0026raquo;\u0027\u003E\u003Ci class=\u0027fas fa-external-link-alt\u0027\u003E\u003C\/i\u003E\u003C\/a\u003E\u003C\/li\u003E\u003Cli id=\u0027ts336594\u0027 class=\u0027ts\u0027\u003E\u003Ca href=\u0027\/motbis\/api\/esd\/MB-336594#main-content\u0027 class=\u0027no-child\u0027 title=\u0027Vers l\u0026apos;espace s\u00e9mantique du concept \u0026laquo;\u0026nbsp;\u00e9l\u00e8ve enfant du voyage\u0026nbsp;\u0026raquo;\u0027\u003E\u00e9l\u00e8ve enfant du voyage\u003C\/a\u003E\u003Ca href=\u0027\/motbis\/api\/esd\/MB-336594#main-content\u0027 title=\u0027Vers l\u0026apos;espace s\u00e9mantique du concept \u0026laquo;\u0026nbsp;\u00e9l\u00e8ve enfant du voyage\u0026nbsp;\u0026raquo;\u0027\u003E\u003Ci class=\u0027fas fa-external-link-alt\u0027\u003E\u003C\/i\u003E\u003C\/a\u003E\u003C\/li\u003E\u003Cli id=\u0027ts336599\u0027 class=\u0027ts\u0027\u003E\u003Ca href=\u0027\/motbis\/api\/esd\/MB-336599#main-content\u0027 class=\u0027no-child\u0027 title=\u0027Vers l\u0026apos;espace s\u00e9mantique du concept \u0026laquo;\u0026nbsp;d\u00e9tenu scolaris\u00e9\u0026nbsp;\u0026raquo;\u0027\u003Ed\u00e9tenu scolaris\u00e9\u003C\/a\u003E\u003Ca href=\u0027\/motbis\/api\/esd\/MB-336599#main-content\u0027 title=\u0027Vers l\u0026apos;espace s\u00e9mantique du concept \u0026laquo;\u0026nbsp;d\u00e9tenu scolaris\u00e9\u0026nbsp;\u0026raquo;\u0027\u003E\u003Ci class=\u0027fas fa-external-link-alt\u0027\u003E\u003C\/i\u003E\u003C\/a\u003E\u003C\/li\u003E\u003Cli id=\u0027ts127126\u0027 class=\u0027ts\u0027\u003E\u003Ca href=\u0027\/motbis\/api\/esd\/MB-127126#main-content\u0027 class=\u0027no-child\u0027 title=\u0027Vers l\u0026apos;espace s\u00e9mantique du concept \u0026laquo;\u0026nbsp;\u00e9l\u00e8ve \u00e0 haut potentiel intellectuel\u0026nbsp;\u0026raquo;\u0027\u003E\u00e9l\u00e8ve \u00e0 haut potentiel intellectuel\u003C\/a\u003E\u003Ca href=\u0027\/motbis\/api\/esd\/MB-127126#main-content\u0027 title=\u0027Vers l\u0026apos;espace s\u00e9mantique du concept \u0026laquo;\u0026nbsp;\u00e9l\u00e8ve \u00e0 haut potentiel intellectuel\u0026nbsp;\u0026raquo;\u0027\u003E\u003Ci class=\u0027fas fa-external-link-alt\u0027\u003E\u003C\/i\u003E\u003C\/a\u003E\u003C\/li\u003E\u003C\/ul\u003E","settings":null},{"command":"invoke","selector":"#ts336593-2120","method":"toggleClass","args":["open"]},{"command":"invoke","selector":"#ats336593-2120 \u003E i","method":"unwrap","args":[]}]