[{"command":"insert","method":"append","selector":"#ts335924-2715","data":"\u003Cul class=\u0027ajax-content\u0027\u003E\u003Cli id=\u0027ts335750\u0027 class=\u0027ts\u0027\u003E\u003Ca href=\u0027\/motbis\/api\/esd\/MB-335750#main-content\u0027 class=\u0027no-child\u0027 title=\u0027Vers l\u0026apos;espace s\u00e9mantique du concept \u0026laquo;\u0026nbsp;D\u00e9fenseur des droits\u0026nbsp;\u0026raquo;\u0027\u003ED\u00e9fenseur des droits\u003C\/a\u003E\u003Ca href=\u0027\/motbis\/api\/esd\/MB-335750#main-content\u0027 title=\u0027Vers l\u0026apos;espace s\u00e9mantique du concept \u0026laquo;\u0026nbsp;D\u00e9fenseur des droits\u0026nbsp;\u0026raquo;\u0027\u003E\u003Ci class=\u0027fas fa-external-link-alt\u0027\u003E\u003C\/i\u003E\u003C\/a\u003E\u003C\/li\u003E\u003Cli id=\u0027ts568660\u0027 class=\u0027ts\u0027\u003E\u003Ca href=\u0027\/motbis\/api\/esd\/MB-568660#main-content\u0027 class=\u0027no-child\u0027 title=\u0027Vers l\u0026apos;espace s\u00e9mantique du concept \u0026laquo;\u0026nbsp;HAS (Haute autorit\u00e9 de sant\u00e9)\u0026nbsp;\u0026raquo;\u0027\u003EHAS (Haute autorit\u00e9 de sant\u00e9)\u003C\/a\u003E\u003Ca href=\u0027\/motbis\/api\/esd\/MB-568660#main-content\u0027 title=\u0027Vers l\u0026apos;espace s\u00e9mantique du concept \u0026laquo;\u0026nbsp;HAS (Haute autorit\u00e9 de sant\u00e9)\u0026nbsp;\u0026raquo;\u0027\u003E\u003Ci class=\u0027fas fa-external-link-alt\u0027\u003E\u003C\/i\u003E\u003C\/a\u003E\u003C\/li\u003E\u003Cli id=\u0027ts571278\u0027 class=\u0027ts\u0027\u003E\u003Ca href=\u0027\/motbis\/api\/esd\/MB-571278#main-content\u0027 class=\u0027no-child\u0027 title=\u0027Vers l\u0026apos;espace s\u00e9mantique du concept \u0026laquo;\u0026nbsp;autorit\u00e9 des march\u00e9s financiers (AMF)\u0026nbsp;\u0026raquo;\u0027\u003Eautorit\u00e9 des march\u00e9s financiers (AMF)\u003C\/a\u003E\u003Ca href=\u0027\/motbis\/api\/esd\/MB-571278#main-content\u0027 title=\u0027Vers l\u0026apos;espace s\u00e9mantique du concept \u0026laquo;\u0026nbsp;autorit\u00e9 des march\u00e9s financiers (AMF)\u0026nbsp;\u0026raquo;\u0027\u003E\u003Ci class=\u0027fas fa-external-link-alt\u0027\u003E\u003C\/i\u003E\u003C\/a\u003E\u003C\/li\u003E\u003Cli id=\u0027ts335932\u0027 class=\u0027ts\u0027\u003E\u003Ca href=\u0027\/motbis\/api\/esd\/MB-335932#main-content\u0027 class=\u0027no-child\u0027 title=\u0027Vers l\u0026apos;espace s\u00e9mantique du concept \u0026laquo;\u0026nbsp;CNIL (Commission nationale de l\u0027informatique et des libert\u00e9s)\u0026nbsp;\u0026raquo;\u0027\u003ECNIL (Commission nationale de l\u0027informatique et des libert\u00e9s)\u003C\/a\u003E\u003Ca href=\u0027\/motbis\/api\/esd\/MB-335932#main-content\u0027 title=\u0027Vers l\u0026apos;espace s\u00e9mantique du concept \u0026laquo;\u0026nbsp;CNIL (Commission nationale de l\u0027informatique et des libert\u00e9s)\u0026nbsp;\u0026raquo;\u0027\u003E\u003Ci class=\u0027fas fa-external-link-alt\u0027\u003E\u003C\/i\u003E\u003C\/a\u003E\u003C\/li\u003E\u003Cli id=\u0027ts335933\u0027 class=\u0027ts\u0027\u003E\u003Ca href=\u0027\/motbis\/api\/esd\/MB-335933#main-content\u0027 class=\u0027no-child\u0027 title=\u0027Vers l\u0026apos;espace s\u00e9mantique du concept \u0026laquo;\u0026nbsp;Arcom (Autorit\u00e9 de r\u00e9gulation de la communication audiovisuelle et num\u00e9rique)\u0026nbsp;\u0026raquo;\u0027\u003EArcom (Autorit\u00e9 de r\u00e9gulation de la communication audiovisuelle et num\u00e9rique)\u003C\/a\u003E\u003Ca href=\u0027\/motbis\/api\/esd\/MB-335933#main-content\u0027 title=\u0027Vers l\u0026apos;espace s\u00e9mantique du concept \u0026laquo;\u0026nbsp;Arcom (Autorit\u00e9 de r\u00e9gulation de la communication audiovisuelle et num\u00e9rique)\u0026nbsp;\u0026raquo;\u0027\u003E\u003Ci class=\u0027fas fa-external-link-alt\u0027\u003E\u003C\/i\u003E\u003C\/a\u003E\u003C\/li\u003E\u003C\/ul\u003E","settings":null},{"command":"invoke","selector":"#ts335924-2715","method":"toggleClass","args":["open"]},{"command":"invoke","selector":"#ats335924-2715 \u003E i","method":"unwrap","args":[]}]