[{"command":"insert","method":"append","selector":"#ts127735-1135","data":"\u003Cul class=\u0027ajax-content\u0027\u003E\u003Cli id=\u0027ts126484-1135\u0027 class=\u0027ts\u0027\u003E\u003Ca href=\u0027\/motbis\/ajax\/api\/ts\/MB-126484\/1135\u0027 class=\u0027use-ajax\u0027 id=\u0027ats126484-1135\u0027\u003E\u003Ci class=\u0027fa fa-plus plus\u0027\u003E\u003C\/i\u003E\u003Ci class=\u0027fa fa-minus moins\u0027\u003E\u003C\/i\u003E\u0026nbsp;ph\u00e9nom\u00e8ne m\u00e9t\u00e9orologique\u003C\/a\u003E\u003Ca href=\u0027\/motbis\/api\/esd\/MB-126484#main-content\u0027 title=\u0027Vers l\u0026apos;espace s\u00e9mantique du concept \u0026laquo;\u0026nbsp;ph\u00e9nom\u00e8ne m\u00e9t\u00e9orologique\u0026nbsp;\u0026raquo;\u0027\u003E\u003Ci class=\u0027fas fa-external-link-alt\u0027\u003E\u003C\/i\u003E\u003C\/a\u003E\u003C\/li\u003E\u003Cli id=\u0027ts129303\u0027 class=\u0027ts\u0027\u003E\u003Ca href=\u0027\/motbis\/api\/esd\/MB-129303#main-content\u0027 class=\u0027no-child\u0027 title=\u0027Vers l\u0026apos;espace s\u00e9mantique du concept \u0026laquo;\u0026nbsp;arc-en-ciel\u0026nbsp;\u0026raquo;\u0027\u003Earc-en-ciel\u003C\/a\u003E\u003Ca href=\u0027\/motbis\/api\/esd\/MB-129303#main-content\u0027 title=\u0027Vers l\u0026apos;espace s\u00e9mantique du concept \u0026laquo;\u0026nbsp;arc-en-ciel\u0026nbsp;\u0026raquo;\u0027\u003E\u003Ci class=\u0027fas fa-external-link-alt\u0027\u003E\u003C\/i\u003E\u003C\/a\u003E\u003C\/li\u003E\u003Cli id=\u0027ts129304\u0027 class=\u0027ts\u0027\u003E\u003Ca href=\u0027\/motbis\/api\/esd\/MB-129304#main-content\u0027 class=\u0027no-child\u0027 title=\u0027Vers l\u0026apos;espace s\u00e9mantique du concept \u0026laquo;\u0026nbsp;aurore bor\u00e9ale\u0026nbsp;\u0026raquo;\u0027\u003Eaurore bor\u00e9ale\u003C\/a\u003E\u003Ca href=\u0027\/motbis\/api\/esd\/MB-129304#main-content\u0027 title=\u0027Vers l\u0026apos;espace s\u00e9mantique du concept \u0026laquo;\u0026nbsp;aurore bor\u00e9ale\u0026nbsp;\u0026raquo;\u0027\u003E\u003Ci class=\u0027fas fa-external-link-alt\u0027\u003E\u003C\/i\u003E\u003C\/a\u003E\u003C\/li\u003E\u003Cli id=\u0027ts336163\u0027 class=\u0027ts\u0027\u003E\u003Ca href=\u0027\/motbis\/api\/esd\/MB-336163#main-content\u0027 class=\u0027no-child\u0027 title=\u0027Vers l\u0026apos;espace s\u00e9mantique du concept \u0026laquo;\u0026nbsp;crat\u00e8re d\u0027impact\u0026nbsp;\u0026raquo;\u0027\u003Ecrat\u00e8re d\u0027impact\u003C\/a\u003E\u003Ca href=\u0027\/motbis\/api\/esd\/MB-336163#main-content\u0027 title=\u0027Vers l\u0026apos;espace s\u00e9mantique du concept \u0026laquo;\u0026nbsp;crat\u00e8re d\u0027impact\u0026nbsp;\u0026raquo;\u0027\u003E\u003Ci class=\u0027fas fa-external-link-alt\u0027\u003E\u003C\/i\u003E\u003C\/a\u003E\u003C\/li\u003E\u003C\/ul\u003E","settings":null},{"command":"invoke","selector":"#ts127735-1135","method":"toggleClass","args":["open"]},{"command":"invoke","selector":"#ats127735-1135 \u003E i","method":"unwrap","args":[]}]