[{"command":"insert","method":"append","selector":"#ts127045-1540","data":"\u003Cul class=\u0027ajax-content\u0027\u003E\u003Cli id=\u0027ts559317\u0027 class=\u0027ts\u0027\u003E\u003Ca href=\u0027\/motbis\/api\/esd\/MB-559317#main-content\u0027 class=\u0027no-child\u0027 title=\u0027Vers l\u0026apos;espace s\u00e9mantique du concept \u0026laquo;\u0026nbsp;list\u00e9ria\u0026nbsp;\u0026raquo;\u0027\u003Elist\u00e9ria\u003C\/a\u003E\u003Ca href=\u0027\/motbis\/api\/esd\/MB-559317#main-content\u0027 title=\u0027Vers l\u0026apos;espace s\u00e9mantique du concept \u0026laquo;\u0026nbsp;list\u00e9ria\u0026nbsp;\u0026raquo;\u0027\u003E\u003Ci class=\u0027fas fa-external-link-alt\u0027\u003E\u003C\/i\u003E\u003C\/a\u003E\u003C\/li\u003E\u003Cli id=\u0027ts129245\u0027 class=\u0027ts\u0027\u003E\u003Ca href=\u0027\/motbis\/api\/esd\/MB-129245#main-content\u0027 class=\u0027no-child\u0027 title=\u0027Vers l\u0026apos;espace s\u00e9mantique du concept \u0026laquo;\u0026nbsp;infirmit\u00e9 motrice c\u00e9r\u00e9brale\u0026nbsp;\u0026raquo;\u0027\u003Einfirmit\u00e9 motrice c\u00e9r\u00e9brale\u003C\/a\u003E\u003Ca href=\u0027\/motbis\/api\/esd\/MB-129245#main-content\u0027 title=\u0027Vers l\u0026apos;espace s\u00e9mantique du concept \u0026laquo;\u0026nbsp;infirmit\u00e9 motrice c\u00e9r\u00e9brale\u0026nbsp;\u0026raquo;\u0027\u003E\u003Ci class=\u0027fas fa-external-link-alt\u0027\u003E\u003C\/i\u003E\u003C\/a\u003E\u003C\/li\u003E\u003Cli id=\u0027ts130208\u0027 class=\u0027ts\u0027\u003E\u003Ca href=\u0027\/motbis\/api\/esd\/MB-130208#main-content\u0027 class=\u0027no-child\u0027 title=\u0027Vers l\u0026apos;espace s\u00e9mantique du concept \u0026laquo;\u0026nbsp;\u00e9pilepsie\u0026nbsp;\u0026raquo;\u0027\u003E\u00e9pilepsie\u003C\/a\u003E\u003Ca href=\u0027\/motbis\/api\/esd\/MB-130208#main-content\u0027 title=\u0027Vers l\u0026apos;espace s\u00e9mantique du concept \u0026laquo;\u0026nbsp;\u00e9pilepsie\u0026nbsp;\u0026raquo;\u0027\u003E\u003Ci class=\u0027fas fa-external-link-alt\u0027\u003E\u003C\/i\u003E\u003C\/a\u003E\u003C\/li\u003E\u003Cli id=\u0027ts130210\u0027 class=\u0027ts\u0027\u003E\u003Ca href=\u0027\/motbis\/api\/esd\/MB-130210#main-content\u0027 class=\u0027no-child\u0027 title=\u0027Vers l\u0026apos;espace s\u00e9mantique du concept \u0026laquo;\u0026nbsp;maladie de Creutzfeldt-Jakob\u0026nbsp;\u0026raquo;\u0027\u003Emaladie de Creutzfeldt-Jakob\u003C\/a\u003E\u003Ca href=\u0027\/motbis\/api\/esd\/MB-130210#main-content\u0027 title=\u0027Vers l\u0026apos;espace s\u00e9mantique du concept \u0026laquo;\u0026nbsp;maladie de Creutzfeldt-Jakob\u0026nbsp;\u0026raquo;\u0027\u003E\u003Ci class=\u0027fas fa-external-link-alt\u0027\u003E\u003C\/i\u003E\u003C\/a\u003E\u003C\/li\u003E\u003Cli id=\u0027ts537791-1540\u0027 class=\u0027ts\u0027\u003E\u003Ca href=\u0027\/motbis\/ajax\/api\/ts\/MB-537791\/1540\u0027 class=\u0027use-ajax\u0027 id=\u0027ats537791-1540\u0027\u003E\u003Ci class=\u0027fa fa-plus plus\u0027\u003E\u003C\/i\u003E\u003Ci class=\u0027fa fa-minus moins\u0027\u003E\u003C\/i\u003E\u0026nbsp;m\u00e9ningite\u003C\/a\u003E\u003Ca href=\u0027\/motbis\/api\/esd\/MB-537791#main-content\u0027 title=\u0027Vers l\u0026apos;espace s\u00e9mantique du concept \u0026laquo;\u0026nbsp;m\u00e9ningite\u0026nbsp;\u0026raquo;\u0027\u003E\u003Ci class=\u0027fas fa-external-link-alt\u0027\u003E\u003C\/i\u003E\u003C\/a\u003E\u003C\/li\u003E\u003Cli id=\u0027ts537853-1540\u0027 class=\u0027ts\u0027\u003E\u003Ca href=\u0027\/motbis\/ajax\/api\/ts\/MB-537853\/1540\u0027 class=\u0027use-ajax\u0027 id=\u0027ats537853-1540\u0027\u003E\u003Ci class=\u0027fa fa-plus plus\u0027\u003E\u003C\/i\u003E\u003Ci class=\u0027fa fa-minus moins\u0027\u003E\u003C\/i\u003E\u0026nbsp;paralysie\u003C\/a\u003E\u003Ca href=\u0027\/motbis\/api\/esd\/MB-537853#main-content\u0027 title=\u0027Vers l\u0026apos;espace s\u00e9mantique du concept \u0026laquo;\u0026nbsp;paralysie\u0026nbsp;\u0026raquo;\u0027\u003E\u003Ci class=\u0027fas fa-external-link-alt\u0027\u003E\u003C\/i\u003E\u003C\/a\u003E\u003C\/li\u003E\u003Cli id=\u0027ts557483-1540\u0027 class=\u0027ts\u0027\u003E\u003Ca href=\u0027\/motbis\/ajax\/api\/ts\/MB-557483\/1540\u0027 class=\u0027use-ajax\u0027 id=\u0027ats557483-1540\u0027\u003E\u003Ci class=\u0027fa fa-plus plus\u0027\u003E\u003C\/i\u003E\u003Ci class=\u0027fa fa-minus moins\u0027\u003E\u003C\/i\u003E\u0026nbsp;trouble du sommeil\u003C\/a\u003E\u003Ca href=\u0027\/motbis\/api\/esd\/MB-557483#main-content\u0027 title=\u0027Vers l\u0026apos;espace s\u00e9mantique du concept \u0026laquo;\u0026nbsp;trouble du sommeil\u0026nbsp;\u0026raquo;\u0027\u003E\u003Ci class=\u0027fas fa-external-link-alt\u0027\u003E\u003C\/i\u003E\u003C\/a\u003E\u003C\/li\u003E\u003Cli id=\u0027ts559778\u0027 class=\u0027ts\u0027\u003E\u003Ca href=\u0027\/motbis\/api\/esd\/MB-559778#main-content\u0027 class=\u0027no-child\u0027 title=\u0027Vers l\u0026apos;espace s\u00e9mantique du concept \u0026laquo;\u0026nbsp;coma\u0026nbsp;\u0026raquo;\u0027\u003Ecoma\u003C\/a\u003E\u003Ca href=\u0027\/motbis\/api\/esd\/MB-559778#main-content\u0027 title=\u0027Vers l\u0026apos;espace s\u00e9mantique du concept \u0026laquo;\u0026nbsp;coma\u0026nbsp;\u0026raquo;\u0027\u003E\u003Ci class=\u0027fas fa-external-link-alt\u0027\u003E\u003C\/i\u003E\u003C\/a\u003E\u003C\/li\u003E\u003Cli id=\u0027ts578007-1540\u0027 class=\u0027ts\u0027\u003E\u003Ca href=\u0027\/motbis\/ajax\/api\/ts\/MB-578007\/1540\u0027 class=\u0027use-ajax\u0027 id=\u0027ats578007-1540\u0027\u003E\u003Ci class=\u0027fa fa-plus plus\u0027\u003E\u003C\/i\u003E\u003Ci class=\u0027fa fa-minus moins\u0027\u003E\u003C\/i\u003E\u0026nbsp;maladie neurod\u00e9g\u00e9n\u00e9rative\u003C\/a\u003E\u003Ca href=\u0027\/motbis\/api\/esd\/MB-578007#main-content\u0027 title=\u0027Vers l\u0026apos;espace s\u00e9mantique du concept \u0026laquo;\u0026nbsp;maladie neurod\u00e9g\u00e9n\u00e9rative\u0026nbsp;\u0026raquo;\u0027\u003E\u003Ci class=\u0027fas fa-external-link-alt\u0027\u003E\u003C\/i\u003E\u003C\/a\u003E\u003C\/li\u003E\u003Cli id=\u0027ts130213\u0027 class=\u0027ts\u0027\u003E\u003Ca href=\u0027\/motbis\/api\/esd\/MB-130213#main-content\u0027 class=\u0027no-child\u0027 title=\u0027Vers l\u0026apos;espace s\u00e9mantique du concept \u0026laquo;\u0026nbsp;scl\u00e9rose en plaques\u0026nbsp;\u0026raquo;\u0027\u003Escl\u00e9rose en plaques\u003C\/a\u003E\u003Ca href=\u0027\/motbis\/api\/esd\/MB-130213#main-content\u0027 title=\u0027Vers l\u0026apos;espace s\u00e9mantique du concept \u0026laquo;\u0026nbsp;scl\u00e9rose en plaques\u0026nbsp;\u0026raquo;\u0027\u003E\u003Ci class=\u0027fas fa-external-link-alt\u0027\u003E\u003C\/i\u003E\u003C\/a\u003E\u003C\/li\u003E\u003Cli id=\u0027ts130212\u0027 class=\u0027ts\u0027\u003E\u003Ca href=\u0027\/motbis\/api\/esd\/MB-130212#main-content\u0027 class=\u0027no-child\u0027 title=\u0027Vers l\u0026apos;espace s\u00e9mantique du concept \u0026laquo;\u0026nbsp;migraine\u0026nbsp;\u0026raquo;\u0027\u003Emigraine\u003C\/a\u003E\u003Ca href=\u0027\/motbis\/api\/esd\/MB-130212#main-content\u0027 title=\u0027Vers l\u0026apos;espace s\u00e9mantique du concept \u0026laquo;\u0026nbsp;migraine\u0026nbsp;\u0026raquo;\u0027\u003E\u003Ci class=\u0027fas fa-external-link-alt\u0027\u003E\u003C\/i\u003E\u003C\/a\u003E\u003C\/li\u003E\u003Cli id=\u0027ts566236-1540\u0027 class=\u0027ts\u0027\u003E\u003Ca href=\u0027\/motbis\/ajax\/api\/ts\/MB-566236\/1540\u0027 class=\u0027use-ajax\u0027 id=\u0027ats566236-1540\u0027\u003E\u003Ci class=\u0027fa fa-plus plus\u0027\u003E\u003C\/i\u003E\u003Ci class=\u0027fa fa-minus moins\u0027\u003E\u003C\/i\u003E\u0026nbsp;trouble sensoriel\u003C\/a\u003E\u003Ca href=\u0027\/motbis\/api\/esd\/MB-566236#main-content\u0027 title=\u0027Vers l\u0026apos;espace s\u00e9mantique du concept \u0026laquo;\u0026nbsp;trouble sensoriel\u0026nbsp;\u0026raquo;\u0027\u003E\u003Ci class=\u0027fas fa-external-link-alt\u0027\u003E\u003C\/i\u003E\u003C\/a\u003E\u003C\/li\u003E\u003C\/ul\u003E","settings":null},{"command":"invoke","selector":"#ts127045-1540","method":"toggleClass","args":["open"]},{"command":"invoke","selector":"#ats127045-1540 \u003E i","method":"unwrap","args":[]}]