[{"command":"insert","method":"append","selector":"#ts127039-1540","data":"\u003Cul class=\u0027ajax-content\u0027\u003E\u003Cli id=\u0027ts537780\u0027 class=\u0027ts\u0027\u003E\u003Ca href=\u0027\/motbis\/api\/esd\/MB-537780#main-content\u0027 class=\u0027no-child\u0027 title=\u0027Vers l\u0026apos;espace s\u00e9mantique du concept \u0026laquo;\u0026nbsp;cataracte\u0026nbsp;\u0026raquo;\u0027\u003Ecataracte\u003C\/a\u003E\u003Ca href=\u0027\/motbis\/api\/esd\/MB-537780#main-content\u0027 title=\u0027Vers l\u0026apos;espace s\u00e9mantique du concept \u0026laquo;\u0026nbsp;cataracte\u0026nbsp;\u0026raquo;\u0027\u003E\u003Ci class=\u0027fas fa-external-link-alt\u0027\u003E\u003C\/i\u003E\u003C\/a\u003E\u003C\/li\u003E\u003Cli id=\u0027ts537807\u0027 class=\u0027ts\u0027\u003E\u003Ca href=\u0027\/motbis\/api\/esd\/MB-537807#main-content\u0027 class=\u0027no-child\u0027 title=\u0027Vers l\u0026apos;espace s\u00e9mantique du concept \u0026laquo;\u0026nbsp;hyperm\u00e9tropie\u0026nbsp;\u0026raquo;\u0027\u003Ehyperm\u00e9tropie\u003C\/a\u003E\u003Ca href=\u0027\/motbis\/api\/esd\/MB-537807#main-content\u0027 title=\u0027Vers l\u0026apos;espace s\u00e9mantique du concept \u0026laquo;\u0026nbsp;hyperm\u00e9tropie\u0026nbsp;\u0026raquo;\u0027\u003E\u003Ci class=\u0027fas fa-external-link-alt\u0027\u003E\u003C\/i\u003E\u003C\/a\u003E\u003C\/li\u003E\u003Cli id=\u0027ts537813\u0027 class=\u0027ts\u0027\u003E\u003Ca href=\u0027\/motbis\/api\/esd\/MB-537813#main-content\u0027 class=\u0027no-child\u0027 title=\u0027Vers l\u0026apos;espace s\u00e9mantique du concept \u0026laquo;\u0026nbsp;maladie de la r\u00e9tine\u0026nbsp;\u0026raquo;\u0027\u003Emaladie de la r\u00e9tine\u003C\/a\u003E\u003Ca href=\u0027\/motbis\/api\/esd\/MB-537813#main-content\u0027 title=\u0027Vers l\u0026apos;espace s\u00e9mantique du concept \u0026laquo;\u0026nbsp;maladie de la r\u00e9tine\u0026nbsp;\u0026raquo;\u0027\u003E\u003Ci class=\u0027fas fa-external-link-alt\u0027\u003E\u003C\/i\u003E\u003C\/a\u003E\u003C\/li\u003E\u003Cli id=\u0027ts537828\u0027 class=\u0027ts\u0027\u003E\u003Ca href=\u0027\/motbis\/api\/esd\/MB-537828#main-content\u0027 class=\u0027no-child\u0027 title=\u0027Vers l\u0026apos;espace s\u00e9mantique du concept \u0026laquo;\u0026nbsp;d\u00e9collement de la r\u00e9tine\u0026nbsp;\u0026raquo;\u0027\u003Ed\u00e9collement de la r\u00e9tine\u003C\/a\u003E\u003Ca href=\u0027\/motbis\/api\/esd\/MB-537828#main-content\u0027 title=\u0027Vers l\u0026apos;espace s\u00e9mantique du concept \u0026laquo;\u0026nbsp;d\u00e9collement de la r\u00e9tine\u0026nbsp;\u0026raquo;\u0027\u003E\u003Ci class=\u0027fas fa-external-link-alt\u0027\u003E\u003C\/i\u003E\u003C\/a\u003E\u003C\/li\u003E\u003Cli id=\u0027ts537862\u0027 class=\u0027ts\u0027\u003E\u003Ca href=\u0027\/motbis\/api\/esd\/MB-537862#main-content\u0027 class=\u0027no-child\u0027 title=\u0027Vers l\u0026apos;espace s\u00e9mantique du concept \u0026laquo;\u0026nbsp;presbytie\u0026nbsp;\u0026raquo;\u0027\u003Epresbytie\u003C\/a\u003E\u003Ca href=\u0027\/motbis\/api\/esd\/MB-537862#main-content\u0027 title=\u0027Vers l\u0026apos;espace s\u00e9mantique du concept \u0026laquo;\u0026nbsp;presbytie\u0026nbsp;\u0026raquo;\u0027\u003E\u003Ci class=\u0027fas fa-external-link-alt\u0027\u003E\u003C\/i\u003E\u003C\/a\u003E\u003C\/li\u003E\u003Cli id=\u0027ts537866\u0027 class=\u0027ts\u0027\u003E\u003Ca href=\u0027\/motbis\/api\/esd\/MB-537866#main-content\u0027 class=\u0027no-child\u0027 title=\u0027Vers l\u0026apos;espace s\u00e9mantique du concept \u0026laquo;\u0026nbsp;astigmatisme\u0026nbsp;\u0026raquo;\u0027\u003Eastigmatisme\u003C\/a\u003E\u003Ca href=\u0027\/motbis\/api\/esd\/MB-537866#main-content\u0027 title=\u0027Vers l\u0026apos;espace s\u00e9mantique du concept \u0026laquo;\u0026nbsp;astigmatisme\u0026nbsp;\u0026raquo;\u0027\u003E\u003Ci class=\u0027fas fa-external-link-alt\u0027\u003E\u003C\/i\u003E\u003C\/a\u003E\u003C\/li\u003E\u003Cli id=\u0027ts537872\u0027 class=\u0027ts\u0027\u003E\u003Ca href=\u0027\/motbis\/api\/esd\/MB-537872#main-content\u0027 class=\u0027no-child\u0027 title=\u0027Vers l\u0026apos;espace s\u00e9mantique du concept \u0026laquo;\u0026nbsp;DMLA (d\u00e9g\u00e9n\u00e9rescence maculaire li\u00e9e \u00e0 l\u0027\u00e2ge)\u0026nbsp;\u0026raquo;\u0027\u003EDMLA (d\u00e9g\u00e9n\u00e9rescence maculaire li\u00e9e \u00e0 l\u0027\u00e2ge)\u003C\/a\u003E\u003Ca href=\u0027\/motbis\/api\/esd\/MB-537872#main-content\u0027 title=\u0027Vers l\u0026apos;espace s\u00e9mantique du concept \u0026laquo;\u0026nbsp;DMLA (d\u00e9g\u00e9n\u00e9rescence maculaire li\u00e9e \u00e0 l\u0027\u00e2ge)\u0026nbsp;\u0026raquo;\u0027\u003E\u003Ci class=\u0027fas fa-external-link-alt\u0027\u003E\u003C\/i\u003E\u003C\/a\u003E\u003C\/li\u003E\u003Cli id=\u0027ts537879\u0027 class=\u0027ts\u0027\u003E\u003Ca href=\u0027\/motbis\/api\/esd\/MB-537879#main-content\u0027 class=\u0027no-child\u0027 title=\u0027Vers l\u0026apos;espace s\u00e9mantique du concept \u0026laquo;\u0026nbsp;myopie\u0026nbsp;\u0026raquo;\u0027\u003Emyopie\u003C\/a\u003E\u003Ca href=\u0027\/motbis\/api\/esd\/MB-537879#main-content\u0027 title=\u0027Vers l\u0026apos;espace s\u00e9mantique du concept \u0026laquo;\u0026nbsp;myopie\u0026nbsp;\u0026raquo;\u0027\u003E\u003Ci class=\u0027fas fa-external-link-alt\u0027\u003E\u003C\/i\u003E\u003C\/a\u003E\u003C\/li\u003E\u003Cli id=\u0027ts537880\u0027 class=\u0027ts\u0027\u003E\u003Ca href=\u0027\/motbis\/api\/esd\/MB-537880#main-content\u0027 class=\u0027no-child\u0027 title=\u0027Vers l\u0026apos;espace s\u00e9mantique du concept \u0026laquo;\u0026nbsp;glaucome\u0026nbsp;\u0026raquo;\u0027\u003Eglaucome\u003C\/a\u003E\u003Ca href=\u0027\/motbis\/api\/esd\/MB-537880#main-content\u0027 title=\u0027Vers l\u0026apos;espace s\u00e9mantique du concept \u0026laquo;\u0026nbsp;glaucome\u0026nbsp;\u0026raquo;\u0027\u003E\u003Ci class=\u0027fas fa-external-link-alt\u0027\u003E\u003C\/i\u003E\u003C\/a\u003E\u003C\/li\u003E\u003Cli id=\u0027ts577983-1540\u0027 class=\u0027ts\u0027\u003E\u003Ca href=\u0027\/motbis\/ajax\/api\/ts\/MB-577983\/1540\u0027 class=\u0027use-ajax\u0027 id=\u0027ats577983-1540\u0027\u003E\u003Ci class=\u0027fa fa-plus plus\u0027\u003E\u003C\/i\u003E\u003Ci class=\u0027fa fa-minus moins\u0027\u003E\u003C\/i\u003E\u0026nbsp;trouble de la vision des couleurs\u003C\/a\u003E\u003Ca href=\u0027\/motbis\/api\/esd\/MB-577983#main-content\u0027 title=\u0027Vers l\u0026apos;espace s\u00e9mantique du concept \u0026laquo;\u0026nbsp;trouble de la vision des couleurs\u0026nbsp;\u0026raquo;\u0027\u003E\u003Ci class=\u0027fas fa-external-link-alt\u0027\u003E\u003C\/i\u003E\u003C\/a\u003E\u003C\/li\u003E\u003C\/ul\u003E","settings":null},{"command":"invoke","selector":"#ts127039-1540","method":"toggleClass","args":["open"]},{"command":"invoke","selector":"#ats127039-1540 \u003E i","method":"unwrap","args":[]}]