[{"command":"insert","method":"append","selector":"#ts124974-3305","data":"\u003Cul class=\u0027ajax-content\u0027\u003E\u003Cli id=\u0027ts124874-3305\u0027 class=\u0027ts\u0027\u003E\u003Ca href=\u0027\/motbis\/ajax\/api\/ts\/MB-124874\/3305\u0027 class=\u0027use-ajax\u0027 id=\u0027ats124874-3305\u0027\u003E\u003Ci class=\u0027fa fa-plus plus\u0027\u003E\u003C\/i\u003E\u003Ci class=\u0027fa fa-minus moins\u0027\u003E\u003C\/i\u003E\u0026nbsp;bois (mat\u00e9riau)\u003C\/a\u003E\u003Ca href=\u0027\/motbis\/api\/esd\/MB-124874#main-content\u0027 title=\u0027Vers l\u0026apos;espace s\u00e9mantique du concept \u0026laquo;\u0026nbsp;bois (mat\u00e9riau)\u0026nbsp;\u0026raquo;\u0027\u003E\u003Ci class=\u0027fas fa-external-link-alt\u0027\u003E\u003C\/i\u003E\u003C\/a\u003E\u003C\/li\u003E\u003Cli id=\u0027ts127851\u0027 class=\u0027ts\u0027\u003E\u003Ca href=\u0027\/motbis\/api\/esd\/MB-127851#main-content\u0027 class=\u0027no-child\u0027 title=\u0027Vers l\u0026apos;espace s\u00e9mantique du concept \u0026laquo;\u0026nbsp;latex\u0026nbsp;\u0026raquo;\u0027\u003Elatex\u003C\/a\u003E\u003Ca href=\u0027\/motbis\/api\/esd\/MB-127851#main-content\u0027 title=\u0027Vers l\u0026apos;espace s\u00e9mantique du concept \u0026laquo;\u0026nbsp;latex\u0026nbsp;\u0026raquo;\u0027\u003E\u003Ci class=\u0027fas fa-external-link-alt\u0027\u003E\u003C\/i\u003E\u003C\/a\u003E\u003C\/li\u003E\u003Cli id=\u0027ts129807\u0027 class=\u0027ts\u0027\u003E\u003Ca href=\u0027\/motbis\/api\/esd\/MB-129807#main-content\u0027 class=\u0027no-child\u0027 title=\u0027Vers l\u0026apos;espace s\u00e9mantique du concept \u0026laquo;\u0026nbsp;ambre (r\u00e9sine fossile)\u0026nbsp;\u0026raquo;\u0027\u003Eambre (r\u00e9sine fossile)\u003C\/a\u003E\u003Ca href=\u0027\/motbis\/api\/esd\/MB-129807#main-content\u0027 title=\u0027Vers l\u0026apos;espace s\u00e9mantique du concept \u0026laquo;\u0026nbsp;ambre (r\u00e9sine fossile)\u0026nbsp;\u0026raquo;\u0027\u003E\u003Ci class=\u0027fas fa-external-link-alt\u0027\u003E\u003C\/i\u003E\u003C\/a\u003E\u003C\/li\u003E\u003Cli id=\u0027ts129808\u0027 class=\u0027ts\u0027\u003E\u003Ca href=\u0027\/motbis\/api\/esd\/MB-129808#main-content\u0027 class=\u0027no-child\u0027 title=\u0027Vers l\u0026apos;espace s\u00e9mantique du concept \u0026laquo;\u0026nbsp;r\u00e9sine v\u00e9g\u00e9tale\u0026nbsp;\u0026raquo;\u0027\u003Er\u00e9sine v\u00e9g\u00e9tale\u003C\/a\u003E\u003Ca href=\u0027\/motbis\/api\/esd\/MB-129808#main-content\u0027 title=\u0027Vers l\u0026apos;espace s\u00e9mantique du concept \u0026laquo;\u0026nbsp;r\u00e9sine v\u00e9g\u00e9tale\u0026nbsp;\u0026raquo;\u0027\u003E\u003Ci class=\u0027fas fa-external-link-alt\u0027\u003E\u003C\/i\u003E\u003C\/a\u003E\u003C\/li\u003E\u003Cli id=\u0027ts129809\u0027 class=\u0027ts\u0027\u003E\u003Ca href=\u0027\/motbis\/api\/esd\/MB-129809#main-content\u0027 class=\u0027no-child\u0027 title=\u0027Vers l\u0026apos;espace s\u00e9mantique du concept \u0026laquo;\u0026nbsp;rotin\u0026nbsp;\u0026raquo;\u0027\u003Erotin\u003C\/a\u003E\u003Ca href=\u0027\/motbis\/api\/esd\/MB-129809#main-content\u0027 title=\u0027Vers l\u0026apos;espace s\u00e9mantique du concept \u0026laquo;\u0026nbsp;rotin\u0026nbsp;\u0026raquo;\u0027\u003E\u003Ci class=\u0027fas fa-external-link-alt\u0027\u003E\u003C\/i\u003E\u003C\/a\u003E\u003C\/li\u003E\u003C\/ul\u003E","settings":null},{"command":"invoke","selector":"#ts124974-3305","method":"toggleClass","args":["open"]},{"command":"invoke","selector":"#ats124974-3305 \u003E i","method":"unwrap","args":[]}]